{"id":2409,"date":"2016-11-17T13:34:21","date_gmt":"2016-11-17T19:34:21","guid":{"rendered":"https:\/\/oa.ugto.mx\/?p=2409"},"modified":"2022-10-07T11:20:16","modified_gmt":"2022-10-07T16:20:16","slug":"la-tutoria-institucional-como-facilitadora-de-la-integracion-de-los-estudiantes-al-ambito-universitario","status":"publish","type":"post","link":"https:\/\/oa.ugto.mx\/recurso\/la-tutoria-institucional-como-facilitadora-de-la-integracion-de-los-estudiantes-al-ambito-universitario.html","title":{"rendered":"La tutor\u00eda institucional como facilitadora de la integraci\u00f3n de los estudiantes al \u00e1mbito universitario"},"content":{"rendered":"<h2 style=\"text-align: justify;\">Resumen:<\/h2>\n<p style=\"text-align: justify;\"><span data-sheets-value=\"{&quot;1&quot;:2,&quot;2&quot;:&quot;\\nEl presente trabajo es un an\\u00e1lisis te\\u00f3rico-metodol\\u00f3gico de las percepciones que tienen sobre la tutor\\u00eda estudiantes de segundo semestre inscritos en las seis licenciaturas de la Divisi\\u00f3n de Humanidades de la Facultad de Estudios Superiores Acatl\\u00e1n (FESA) de la Universidad Nacional Aut\\u00f3noma de M\\u00e9xico (UNAM), quienes vivieron recientemente su incorporaci\\u00f3n a los estudios de nivel superior a trav\\u00e9s del proceso de inducci\\u00f3n e integraci\\u00f3n para alumnos de nuevo ingreso. Este an\\u00e1lisis se inserta en la primera etapa del estudio \\u201cUn modelo de tutor\\u00eda integral para la FES Acatl\\u00e1n\\u201d, cuya propuesta pedag\\u00f3gica de acci\\u00f3n tutorial flexible pretende adaptarse a los diferentes programas acad\\u00e9micos de formaci\\u00f3n, de acuerdo con su \\u00e1rea de conocimiento y perfiles profesionales. &quot;}\" data-sheets-userformat=\"{&quot;2&quot;:14720,&quot;10&quot;:1,&quot;11&quot;:4,&quot;14&quot;:{&quot;1&quot;:2,&quot;2&quot;:0},&quot;15&quot;:&quot;Calibri&quot;,&quot;16&quot;:11}\"><br \/>\nEl presente trabajo es un an\u00e1lisis te\u00f3rico-metodol\u00f3gico de las percepciones que tienen sobre la tutor\u00eda estudiantes de segundo semestre inscritos en las seis licenciaturas de la Divisi\u00f3n de Humanidades de la Facultad de Estudios Superiores Acatl\u00e1n (FESA) de la Universidad Nacional Aut\u00f3noma de M\u00e9xico (UNAM), quienes vivieron recientemente su incorporaci\u00f3n a los estudios de nivel superior a trav\u00e9s del proceso de inducci\u00f3n e integraci\u00f3n para alumnos de nuevo ingreso. Este an\u00e1lisis se inserta en la primera etapa del estudio \u201cUn modelo de tutor\u00eda integral para la FES Acatl\u00e1n\u201d, cuya propuesta pedag\u00f3gica de acci\u00f3n tutorial flexible pretende adaptarse a los diferentes programas acad\u00e9micos de formaci\u00f3n, de acuerdo con su \u00e1rea de conocimiento y perfiles profesionales. <\/span><\/p>\n<h2 style=\"text-align: justify;\">Tipo de objeto:<\/h2>\n<p>Documento<\/p>\n<h2 style=\"text-align: justify;\">Visualizar el objeto de aprendizaje:<\/h2>\n<p style=\"text-align: center;\"><a href=\"https:\/\/oa.ugto.mx\/recurso\/wp-content\/uploads\/2016\/11\/oa-rg-0000585.pdf\" class=\"pdfemb-viewer\" style=\"\" data-width=\"max\" data-height=\"max\" data-toolbar=\"bottom\" data-toolbar-fixed=\"on\">oa-rg-0000585<\/a><\/p>\n<h2 style=\"text-align: justify;\">Descripci\u00f3n:<\/h2>\n<p>El recurso forma parte de las memorias del S\u00e9ptimo Encuentro Nacional de Tutor\u00eda.<\/p>\n","protected":false},"excerpt":{"rendered":"<p>Resumen: El presente trabajo es un an\u00e1lisis te\u00f3rico-metodol\u00f3gico de las percepciones que tienen sobre la tutor\u00eda estudiantes de segundo semestre inscritos en las seis licenciaturas de la Divisi\u00f3n de Humanidades de la Facultad de Estudios Superiores Acatl\u00e1n (FESA) de la Universidad Nacional Aut\u00f3noma de M\u00e9xico (UNAM), quienes vivieron recientemente su incorporaci\u00f3n a los estudios de &#8230; <a title=\"La tutor\u00eda institucional como facilitadora de la integraci\u00f3n de los estudiantes al \u00e1mbito universitario\" class=\"read-more\" href=\"https:\/\/oa.ugto.mx\/recurso\/la-tutoria-institucional-como-facilitadora-de-la-integracion-de-los-estudiantes-al-ambito-universitario.html\" aria-label=\"Leer m\u00e1s sobre La tutor\u00eda institucional como facilitadora de la integraci\u00f3n de los estudiantes al \u00e1mbito universitario\">Leer m\u00e1s<\/a><\/p>\n","protected":false},"author":1,"featured_media":0,"comment_status":"closed","ping_status":"closed","sticky":false,"template":"","format":"standard","meta":{"footnotes":""},"categories":[147],"tags":[263,335,344,345,343],"class_list":["post-2409","post","type-post","status-publish","format-standard","hentry","category-tutoria","tag-2-procesos-y-resultados-de-evaluacion-y-su-articulacion-con-la-mejora-institucional","tag-2-4-en-la-integracion-de-los-estudiantes-a-un-nuevo-entorno-institucional","tag-estela-uribe-franco","tag-jesus-manuel-hernandez-vazquez","tag-monica-ortiz-garcia"],"_links":{"self":[{"href":"https:\/\/oa.ugto.mx\/recurso\/wp-json\/wp\/v2\/posts\/2409","targetHints":{"allow":["GET"]}}],"collection":[{"href":"https:\/\/oa.ugto.mx\/recurso\/wp-json\/wp\/v2\/posts"}],"about":[{"href":"https:\/\/oa.ugto.mx\/recurso\/wp-json\/wp\/v2\/types\/post"}],"author":[{"embeddable":true,"href":"https:\/\/oa.ugto.mx\/recurso\/wp-json\/wp\/v2\/users\/1"}],"replies":[{"embeddable":true,"href":"https:\/\/oa.ugto.mx\/recurso\/wp-json\/wp\/v2\/comments?post=2409"}],"version-history":[{"count":2,"href":"https:\/\/oa.ugto.mx\/recurso\/wp-json\/wp\/v2\/posts\/2409\/revisions"}],"predecessor-version":[{"id":45891,"href":"https:\/\/oa.ugto.mx\/recurso\/wp-json\/wp\/v2\/posts\/2409\/revisions\/45891"}],"wp:attachment":[{"href":"https:\/\/oa.ugto.mx\/recurso\/wp-json\/wp\/v2\/media?parent=2409"}],"wp:term":[{"taxonomy":"category","embeddable":true,"href":"https:\/\/oa.ugto.mx\/recurso\/wp-json\/wp\/v2\/categories?post=2409"},{"taxonomy":"post_tag","embeddable":true,"href":"https:\/\/oa.ugto.mx\/recurso\/wp-json\/wp\/v2\/tags?post=2409"}],"curies":[{"name":"wp","href":"https:\/\/api.w.org\/{rel}","templated":true}]}}