{"id":2457,"date":"2016-11-17T15:25:27","date_gmt":"2016-11-17T21:25:27","guid":{"rendered":"https:\/\/oa.ugto.mx\/?p=2457"},"modified":"2022-10-07T11:18:04","modified_gmt":"2022-10-07T16:18:04","slug":"influencia-de-condiciones-socioeconomicas-en-el-rendimiento-cognitivo-de-estudiantes-de-la-carhs-uaslp","status":"publish","type":"post","link":"https:\/\/oa.ugto.mx\/recurso\/influencia-de-condiciones-socioeconomicas-en-el-rendimiento-cognitivo-de-estudiantes-de-la-carhs-uaslp.html","title":{"rendered":"Influencia de condiciones socioecon\u00f3micas en el rendimiento cognitivo de estudiantes de la CARHS-UASLP"},"content":{"rendered":"<h2 style=\"text-align: justify;\">Resumen:<\/h2>\n<p style=\"text-align: justify;\"><span data-sheets-value=\"{&quot;1&quot;:2,&quot;2&quot;:&quot;La investigaci\\u00f3n est\\u00e1 enfocada en la caracterizaci\\u00f3n del rendimiento cognitivo de 120 j\\u00f3venes universitarios de la CARHS\/UASLP y su relaci\\u00f3n con factores culturales y socioecon\\u00f3micos utilizando la bater\\u00eda Terman Merrill, los resultados muestran diferencias significativas por condici\\u00f3n \\u00e9tnica ind\\u00edgena\/no ind\\u00edgena en procesos cognitivos de juicio practico, donde los ind\\u00edgenas resultan desfavorecidos, tambi\\u00e9n se reportan diferencias significativas con la variable de ingreso mensual, donde se observa mayor rendimiento en   memoria remota y  capacidad asociativa de los sujetos con mayor nivel de ingresos mensuales, para la variable de NSE  resultaron significativas los procesos de atenci\\u00f3n y la comprensi\\u00f3n de ideas\/conceptos, lo que conlleva a un alto nivel de abstracci\\u00f3n, es decir el grupo de menor nivel socioecon\\u00f3mico obtiene en promedio menores puntuaciones.&quot;}\" data-sheets-userformat=\"{&quot;2&quot;:14720,&quot;10&quot;:1,&quot;11&quot;:4,&quot;14&quot;:{&quot;1&quot;:2,&quot;2&quot;:0},&quot;15&quot;:&quot;Calibri&quot;,&quot;16&quot;:11}\">La investigaci\u00f3n est\u00e1 enfocada en la caracterizaci\u00f3n del rendimiento cognitivo de 120 j\u00f3venes universitarios de la CARHS\/UASLP y su relaci\u00f3n con factores culturales y socioecon\u00f3micos utilizando la bater\u00eda Terman Merrill, los resultados muestran diferencias significativas por condici\u00f3n \u00e9tnica ind\u00edgena\/no ind\u00edgena en procesos cognitivos de juicio practico, donde los ind\u00edgenas resultan desfavorecidos, tambi\u00e9n se reportan diferencias significativas con la variable de ingreso mensual, donde se observa mayor rendimiento en memoria remota y capacidad asociativa de los sujetos con mayor nivel de ingresos mensuales, para la variable de NSE resultaron significativas los procesos de atenci\u00f3n y la comprensi\u00f3n de ideas\/conceptos, lo que conlleva a un alto nivel de abstracci\u00f3n, es decir el grupo de menor nivel socioecon\u00f3mico obtiene en promedio menores puntuaciones.<\/span><\/p>\n<h2 style=\"text-align: justify;\">Tipo de objeto:<\/h2>\n<p>Documento<\/p>\n<h2 style=\"text-align: justify;\">Visualizar el objeto de aprendizaje:<\/h2>\n<p style=\"text-align: center;\"><a href=\"https:\/\/oa.ugto.mx\/recurso\/wp-content\/uploads\/2016\/11\/oa-rg-0000600.pdf\" class=\"pdfemb-viewer\" style=\"\" data-width=\"max\" data-height=\"max\" data-toolbar=\"bottom\" data-toolbar-fixed=\"on\">oa-rg-0000600<\/a><\/p>\n<h2 style=\"text-align: justify;\">Descripci\u00f3n:<\/h2>\n<p>El recurso forma parte de las memorias del S\u00e9ptimo Encuentro Nacional de Tutor\u00eda.<\/p>\n","protected":false},"excerpt":{"rendered":"<p>Resumen: La investigaci\u00f3n est\u00e1 enfocada en la caracterizaci\u00f3n del rendimiento cognitivo de 120 j\u00f3venes universitarios de la CARHS\/UASLP y su relaci\u00f3n con factores culturales y socioecon\u00f3micos utilizando la bater\u00eda Terman Merrill, los resultados muestran diferencias significativas por condici\u00f3n \u00e9tnica ind\u00edgena\/no ind\u00edgena en procesos cognitivos de juicio practico, donde los ind\u00edgenas resultan desfavorecidos, tambi\u00e9n se reportan &#8230; <a title=\"Influencia de condiciones socioecon\u00f3micas en el rendimiento cognitivo de estudiantes de la CARHS-UASLP\" class=\"read-more\" href=\"https:\/\/oa.ugto.mx\/recurso\/influencia-de-condiciones-socioeconomicas-en-el-rendimiento-cognitivo-de-estudiantes-de-la-carhs-uaslp.html\" aria-label=\"Leer m\u00e1s sobre Influencia de condiciones socioecon\u00f3micas en el rendimiento cognitivo de estudiantes de la CARHS-UASLP\">Leer m\u00e1s<\/a><\/p>\n","protected":false},"author":1,"featured_media":0,"comment_status":"closed","ping_status":"closed","sticky":false,"template":"","format":"standard","meta":{"footnotes":""},"categories":[147],"tags":[263,353,380,381,379],"class_list":["post-2457","post","type-post","status-publish","format-standard","hentry","category-tutoria","tag-2-procesos-y-resultados-de-evaluacion-y-su-articulacion-con-la-mejora-institucional","tag-2-5-resultados-e-impactos-en-el-desarrollo-personal-y-profesional-de-los-estudiantes-aspecto-fisico-emocional-social-estetico-disciplinar-etc","tag-gemima-valeriano-santiago","tag-luz-juanita-juarez-velazquez","tag-raul-morales-villegas"],"_links":{"self":[{"href":"https:\/\/oa.ugto.mx\/recurso\/wp-json\/wp\/v2\/posts\/2457","targetHints":{"allow":["GET"]}}],"collection":[{"href":"https:\/\/oa.ugto.mx\/recurso\/wp-json\/wp\/v2\/posts"}],"about":[{"href":"https:\/\/oa.ugto.mx\/recurso\/wp-json\/wp\/v2\/types\/post"}],"author":[{"embeddable":true,"href":"https:\/\/oa.ugto.mx\/recurso\/wp-json\/wp\/v2\/users\/1"}],"replies":[{"embeddable":true,"href":"https:\/\/oa.ugto.mx\/recurso\/wp-json\/wp\/v2\/comments?post=2457"}],"version-history":[{"count":2,"href":"https:\/\/oa.ugto.mx\/recurso\/wp-json\/wp\/v2\/posts\/2457\/revisions"}],"predecessor-version":[{"id":45875,"href":"https:\/\/oa.ugto.mx\/recurso\/wp-json\/wp\/v2\/posts\/2457\/revisions\/45875"}],"wp:attachment":[{"href":"https:\/\/oa.ugto.mx\/recurso\/wp-json\/wp\/v2\/media?parent=2457"}],"wp:term":[{"taxonomy":"category","embeddable":true,"href":"https:\/\/oa.ugto.mx\/recurso\/wp-json\/wp\/v2\/categories?post=2457"},{"taxonomy":"post_tag","embeddable":true,"href":"https:\/\/oa.ugto.mx\/recurso\/wp-json\/wp\/v2\/tags?post=2457"}],"curies":[{"name":"wp","href":"https:\/\/api.w.org\/{rel}","templated":true}]}}