{"id":2490,"date":"2016-11-18T10:03:12","date_gmt":"2016-11-18T16:03:12","guid":{"rendered":"https:\/\/oa.ugto.mx\/?p=2490"},"modified":"2022-10-07T11:04:54","modified_gmt":"2022-10-07T16:04:54","slug":"el-docente-del-nivel-medio-superior-y-su-actuacion-en-la-formacion-integral-de-los-estudiantes","status":"publish","type":"post","link":"https:\/\/oa.ugto.mx\/recurso\/el-docente-del-nivel-medio-superior-y-su-actuacion-en-la-formacion-integral-de-los-estudiantes.html","title":{"rendered":"El docente del nivel medio superior y su actuaci\u00f3n en la formaci\u00f3n integral de los estudiantes."},"content":{"rendered":"<h2 style=\"text-align: justify;\">Resumen:<\/h2>\n<p style=\"text-align: justify;\"><span data-sheets-value=\"{&quot;1&quot;:2,&quot;2&quot;:&quot;El presente trabajo es una propuesta que plasma la importancia del docente en la formaci\\u00f3n integral del estudiante, muestra alternativas acerca de las acciones que se deben implementar para que los docentes contemos con los conocimientos y herramientas necesarias para producir ambientes id\\u00f3neos de aprendizaje, en donde se contemple al sujeto en su totalidad, es decir, que se considere que es necesario tener en cuenta los \\u00e1mbitos personal, social y familiar del estudiante, as\\u00ed mismo se proponen  actividades que se deben realizar en el aula de clases para que nuestros estudiantes logren una educaci\\u00f3n integral. Desde una perspectiva anal\\u00edtica, se puede argumentar que la formaci\\u00f3n integral es la v\\u00eda para que se disminuir y erradicar el bajo rendimiento escolar y la deserci\\u00f3n escolar, ya que cuando el docente tiene presente la importancia de la formaci\\u00f3n integral y la aplica en su aula de clase, produce el fortalecimiento de la personalidad, los valores, la \\u00e9tica y la capacidad de responder de forma adecuada ante las adversidades de la sociedad actual de los estudiantes.&quot;}\" data-sheets-userformat=\"{&quot;2&quot;:14720,&quot;10&quot;:1,&quot;11&quot;:4,&quot;14&quot;:{&quot;1&quot;:2,&quot;2&quot;:0},&quot;15&quot;:&quot;Calibri&quot;,&quot;16&quot;:11}\">El presente trabajo es una propuesta que plasma la importancia del docente en la formaci\u00f3n integral del estudiante, muestra alternativas acerca de las acciones que se deben implementar para que los docentes contemos con los conocimientos y herramientas necesarias para producir ambientes id\u00f3neos de aprendizaje, en donde se contemple al sujeto en su totalidad, es decir, que se considere que es necesario tener en cuenta los \u00e1mbitos personal, social y familiar del estudiante, as\u00ed mismo se proponen actividades que se deben realizar en el aula de clases para que nuestros estudiantes logren una educaci\u00f3n integral. Desde una perspectiva anal\u00edtica, se puede argumentar que la formaci\u00f3n integral es la v\u00eda para que se disminuir y erradicar el bajo rendimiento escolar y la deserci\u00f3n escolar, ya que cuando el docente tiene presente la importancia de la formaci\u00f3n integral y la aplica en su aula de clase, produce el fortalecimiento de la personalidad, los valores, la \u00e9tica y la capacidad de responder de forma adecuada ante las adversidades de la sociedad actual de los estudiantes.<\/span><\/p>\n<h2 style=\"text-align: justify;\">Tipo de objeto:<\/h2>\n<p>Documento<\/p>\n<h2 style=\"text-align: justify;\">Visualizar el objeto de aprendizaje:<\/h2>\n<p style=\"text-align: center;\"><a href=\"https:\/\/oa.ugto.mx\/recurso\/wp-content\/uploads\/2016\/11\/oa-rg-0000610.pdf\" class=\"pdfemb-viewer\" style=\"\" data-width=\"max\" data-height=\"max\" data-toolbar=\"bottom\" data-toolbar-fixed=\"on\">oa-rg-0000610<\/a><\/p>\n<h2 style=\"text-align: justify;\">Descripci\u00f3n:<\/h2>\n<p>El recurso forma parte de las memorias del S\u00e9ptimo Encuentro Nacional de Tutor\u00eda.<\/p>\n","protected":false},"excerpt":{"rendered":"<p>Resumen: El presente trabajo es una propuesta que plasma la importancia del docente en la formaci\u00f3n integral del estudiante, muestra alternativas acerca de las acciones que se deben implementar para que los docentes contemos con los conocimientos y herramientas necesarias para producir ambientes id\u00f3neos de aprendizaje, en donde se contemple al sujeto en su totalidad, &#8230; <a title=\"El docente del nivel medio superior y su actuaci\u00f3n en la formaci\u00f3n integral de los estudiantes.\" class=\"read-more\" href=\"https:\/\/oa.ugto.mx\/recurso\/el-docente-del-nivel-medio-superior-y-su-actuacion-en-la-formacion-integral-de-los-estudiantes.html\" aria-label=\"Leer m\u00e1s sobre El docente del nivel medio superior y su actuaci\u00f3n en la formaci\u00f3n integral de los estudiantes.\">Leer m\u00e1s<\/a><\/p>\n","protected":false},"author":1,"featured_media":0,"comment_status":"closed","ping_status":"closed","sticky":false,"template":"","format":"standard","meta":{"footnotes":""},"categories":[147],"tags":[388,389,400,401],"class_list":["post-2490","post","type-post","status-publish","format-standard","hentry","category-tutoria","tag-3-la-tutoria-como-accion-formativa-de-docentes-y-estudiantes","tag-3-1-sensibilizacion-y-formacion-del-profesorado-frente-a-las-implicaciones-de-la-formacion-integral","tag-carina-berenice-lopez-gonzalez","tag-juan-jose-miguel-reyes"],"_links":{"self":[{"href":"https:\/\/oa.ugto.mx\/recurso\/wp-json\/wp\/v2\/posts\/2490","targetHints":{"allow":["GET"]}}],"collection":[{"href":"https:\/\/oa.ugto.mx\/recurso\/wp-json\/wp\/v2\/posts"}],"about":[{"href":"https:\/\/oa.ugto.mx\/recurso\/wp-json\/wp\/v2\/types\/post"}],"author":[{"embeddable":true,"href":"https:\/\/oa.ugto.mx\/recurso\/wp-json\/wp\/v2\/users\/1"}],"replies":[{"embeddable":true,"href":"https:\/\/oa.ugto.mx\/recurso\/wp-json\/wp\/v2\/comments?post=2490"}],"version-history":[{"count":2,"href":"https:\/\/oa.ugto.mx\/recurso\/wp-json\/wp\/v2\/posts\/2490\/revisions"}],"predecessor-version":[{"id":45865,"href":"https:\/\/oa.ugto.mx\/recurso\/wp-json\/wp\/v2\/posts\/2490\/revisions\/45865"}],"wp:attachment":[{"href":"https:\/\/oa.ugto.mx\/recurso\/wp-json\/wp\/v2\/media?parent=2490"}],"wp:term":[{"taxonomy":"category","embeddable":true,"href":"https:\/\/oa.ugto.mx\/recurso\/wp-json\/wp\/v2\/categories?post=2490"},{"taxonomy":"post_tag","embeddable":true,"href":"https:\/\/oa.ugto.mx\/recurso\/wp-json\/wp\/v2\/tags?post=2490"}],"curies":[{"name":"wp","href":"https:\/\/api.w.org\/{rel}","templated":true}]}}