{"id":4356,"date":"2017-06-14T13:07:58","date_gmt":"2017-06-14T18:07:58","guid":{"rendered":"https:\/\/oa.ugto.mx\/?p=4356"},"modified":"2022-10-06T11:45:35","modified_gmt":"2022-10-06T16:45:35","slug":"indicadores-socio-economicos","status":"publish","type":"post","link":"https:\/\/oa.ugto.mx\/recurso\/indicadores-socio-economicos.html","title":{"rendered":"Indicadores socio econ\u00f3micos"},"content":{"rendered":"<h2 style=\"text-align: justify;\">Resumen:<\/h2>\n<p>Habla de los pa\u00edses desarrollados y subdesarrollados.<\/p>\n<h2 style=\"text-align: justify;\">Tipo de objeto:<\/h2>\n<p>Infograf\u00eda<\/p>\n<h2 style=\"text-align: left;\">Visualizar el objeto de aprendizaje:<\/h2>\n<p><img loading=\"lazy\" decoding=\"async\" class=\"wp-image-4357 size-large aligncenter\" src=\"https:\/\/oa.ugto.mx\/recurso\/wp-content\/uploads\/2017\/06\/oa-rg-0001195-791x1024.jpg\" alt=\"\" width=\"791\" height=\"1024\" srcset=\"https:\/\/oa.ugto.mx\/recurso\/wp-content\/uploads\/2017\/06\/oa-rg-0001195-791x1024.jpg 791w, https:\/\/oa.ugto.mx\/recurso\/wp-content\/uploads\/2017\/06\/oa-rg-0001195-232x300.jpg 232w, https:\/\/oa.ugto.mx\/recurso\/wp-content\/uploads\/2017\/06\/oa-rg-0001195-768x994.jpg 768w\" sizes=\"auto, (max-width: 791px) 100vw, 791px\" \/><\/p>\n<h2 style=\"text-align: left;\">Descripci\u00f3n:<\/h2>\n<p>El material forma parte del curso de Geograf\u00eda.<\/p>\n","protected":false},"excerpt":{"rendered":"<p>Resumen: Habla de los pa\u00edses desarrollados y subdesarrollados. Tipo de objeto: Infograf\u00eda Visualizar el objeto de aprendizaje: Descripci\u00f3n: El material forma parte del curso de Geograf\u00eda.<\/p>\n","protected":false},"author":1,"featured_media":0,"comment_status":"closed","ping_status":"closed","sticky":false,"template":"","format":"standard","meta":{"footnotes":""},"categories":[26,27],"tags":[33,821],"class_list":["post-4356","post","type-post","status-publish","format-standard","hentry","category-ciencias-naturales-y-exactas","category-ciencias-sociales-y-humanidades","tag-departamento-de-educacion-a-distancia","tag-geografia"],"_links":{"self":[{"href":"https:\/\/oa.ugto.mx\/recurso\/wp-json\/wp\/v2\/posts\/4356","targetHints":{"allow":["GET"]}}],"collection":[{"href":"https:\/\/oa.ugto.mx\/recurso\/wp-json\/wp\/v2\/posts"}],"about":[{"href":"https:\/\/oa.ugto.mx\/recurso\/wp-json\/wp\/v2\/types\/post"}],"author":[{"embeddable":true,"href":"https:\/\/oa.ugto.mx\/recurso\/wp-json\/wp\/v2\/users\/1"}],"replies":[{"embeddable":true,"href":"https:\/\/oa.ugto.mx\/recurso\/wp-json\/wp\/v2\/comments?post=4356"}],"version-history":[{"count":3,"href":"https:\/\/oa.ugto.mx\/recurso\/wp-json\/wp\/v2\/posts\/4356\/revisions"}],"predecessor-version":[{"id":45162,"href":"https:\/\/oa.ugto.mx\/recurso\/wp-json\/wp\/v2\/posts\/4356\/revisions\/45162"}],"wp:attachment":[{"href":"https:\/\/oa.ugto.mx\/recurso\/wp-json\/wp\/v2\/media?parent=4356"}],"wp:term":[{"taxonomy":"category","embeddable":true,"href":"https:\/\/oa.ugto.mx\/recurso\/wp-json\/wp\/v2\/categories?post=4356"},{"taxonomy":"post_tag","embeddable":true,"href":"https:\/\/oa.ugto.mx\/recurso\/wp-json\/wp\/v2\/tags?post=4356"}],"curies":[{"name":"wp","href":"https:\/\/api.w.org\/{rel}","templated":true}]}}