{"id":425,"count":1,"description":"","link":"https:\/\/oa.ugto.mx\/recurso\/palabra-clave\/ma-de-la-concepcion-acela-hernandez-diaz","name":"Ma. de la Concepci\u00f3n Acela Hern\u00e1ndez D\u00edaz","slug":"ma-de-la-concepcion-acela-hernandez-diaz","taxonomy":"post_tag","meta":[],"_links":{"self":[{"href":"https:\/\/oa.ugto.mx\/recurso\/wp-json\/wp\/v2\/tags\/425","targetHints":{"allow":["GET"]}}],"collection":[{"href":"https:\/\/oa.ugto.mx\/recurso\/wp-json\/wp\/v2\/tags"}],"about":[{"href":"https:\/\/oa.ugto.mx\/recurso\/wp-json\/wp\/v2\/taxonomies\/post_tag"}],"wp:post_type":[{"href":"https:\/\/oa.ugto.mx\/recurso\/wp-json\/wp\/v2\/posts?tags=425"}],"curies":[{"name":"wp","href":"https:\/\/api.w.org\/{rel}","templated":true}]}}